{"id":1406,"date":"2022-09-03T17:52:25","date_gmt":"2022-09-03T15:52:25","guid":{"rendered":"https:\/\/aft-rn.net\/wordpress\/?p=1406"},"modified":"2022-09-22T18:21:46","modified_gmt":"2022-09-22T16:21:46","slug":"laft-rn-partenaire-du-carrefour-de-linnovation","status":"publish","type":"post","link":"https:\/\/aft-rn.net\/wordpress\/2022\/09\/03\/laft-rn-partenaire-du-carrefour-de-linnovation\/","title":{"rendered":"L&rsquo;AFT-RN, partenaire du Carrefour de l&rsquo;innovation"},"content":{"rendered":"\n<p>Le <strong><a rel=\"noreferrer noopener\" href=\"https:\/\/carrefourinnov.fr\/\" target=\"_blank\">Carrefour de l\u2019innovation p\u00e9dagogique<\/a><\/strong> est un espace de 120 m2 qui vise \u00e0 mettre en sc\u00e8ne la compl\u00e9mentarit\u00e9 entre l\u2019am\u00e9nagement de l\u2019espace et la sc\u00e9narisation p\u00e9dagogique dans l\u2019innovation.  <strong>En tant que partenaire, nous aurons un espace d\u00e9di\u00e9 <\/strong>o\u00f9 vous pourrez nous rencontrer et dialoguer. Nous proposerons aussi des ateliers aux visiteurs. Il se tient dans le cadre du salon <strong><a rel=\"noreferrer noopener\" href=\"https:\/\/www.educatec-educatice.com\/\" target=\"_blank\">Educ@tech Expo<\/a><\/strong> *. Nous vous donnons rendez-vous les <strong>30 novembre, 1<sup>er <\/sup>et 2 d\u00e9cembre 2022<\/strong>, porte de Versailles \u00e0 Paris. <\/p>\n\n\n\n<p>* <em>Nouveau nom du salon Educatec-Educatice<\/em><\/p>\n","protected":false},"excerpt":{"rendered":"<p>Le Carrefour de l\u2019innovation p\u00e9dagogique est un espace de 120 m2 qui vise \u00e0 mettre en sc\u00e8ne la compl\u00e9mentarit\u00e9 entre l\u2019am\u00e9nagement de l\u2019espace et la sc\u00e9narisation p\u00e9dagogique dans l\u2019innovation. En tant que partenaire, nous aurons un espace d\u00e9di\u00e9 o\u00f9 vous <a href=\"https:\/\/aft-rn.net\/wordpress\/2022\/09\/03\/laft-rn-partenaire-du-carrefour-de-linnovation\/\" class=\"read-more\">Read More &#8230;<\/a><\/p>\n","protected":false},"author":1,"featured_media":1440,"comment_status":"closed","ping_status":"open","sticky":false,"template":"","format":"standard","meta":{"footnotes":""},"categories":[35],"tags":[],"class_list":["post-1406","post","type-post","status-publish","format-standard","has-post-thumbnail","hentry","category-2022-2023"],"_links":{"self":[{"href":"https:\/\/aft-rn.net\/wordpress\/wp-json\/wp\/v2\/posts\/1406","targetHints":{"allow":["GET"]}}],"collection":[{"href":"https:\/\/aft-rn.net\/wordpress\/wp-json\/wp\/v2\/posts"}],"about":[{"href":"https:\/\/aft-rn.net\/wordpress\/wp-json\/wp\/v2\/types\/post"}],"author":[{"embeddable":true,"href":"https:\/\/aft-rn.net\/wordpress\/wp-json\/wp\/v2\/users\/1"}],"replies":[{"embeddable":true,"href":"https:\/\/aft-rn.net\/wordpress\/wp-json\/wp\/v2\/comments?post=1406"}],"version-history":[{"count":0,"href":"https:\/\/aft-rn.net\/wordpress\/wp-json\/wp\/v2\/posts\/1406\/revisions"}],"wp:featuredmedia":[{"embeddable":true,"href":"https:\/\/aft-rn.net\/wordpress\/wp-json\/wp\/v2\/media\/1440"}],"wp:attachment":[{"href":"https:\/\/aft-rn.net\/wordpress\/wp-json\/wp\/v2\/media?parent=1406"}],"wp:term":[{"taxonomy":"category","embeddable":true,"href":"https:\/\/aft-rn.net\/wordpress\/wp-json\/wp\/v2\/categories?post=1406"},{"taxonomy":"post_tag","embeddable":true,"href":"https:\/\/aft-rn.net\/wordpress\/wp-json\/wp\/v2\/tags?post=1406"}],"curies":[{"name":"wp","href":"https:\/\/api.w.org\/{rel}","templated":true}]}}