{"id":1409,"date":"2022-09-04T10:15:39","date_gmt":"2022-09-04T08:15:39","guid":{"rendered":"https:\/\/aft-rn.net\/wordpress\/?p=1409"},"modified":"2022-09-04T10:35:42","modified_gmt":"2022-09-04T08:35:42","slug":"assemblee-generale-2022","status":"publish","type":"post","link":"https:\/\/aft-rn.net\/wordpress\/2022\/09\/04\/assemblee-generale-2022\/","title":{"rendered":"Assembl\u00e9e g\u00e9n\u00e9rale 2022"},"content":{"rendered":"\n<p class=\"has-text-align-center\"><em>Gilles Maniglier, Christian Stracka et St\u00e9phane Last\u00e8re, photo de Marie-Jo Eloy<\/em><\/p>\n\n\n\n<p>Pour la premi\u00e8re fois depuis longtemps, notre assembl\u00e9e g\u00e9n\u00e9rale s&rsquo;est d\u00e9roul\u00e9e en pr\u00e9sentiel, dans la salle de conf\u00e9rence du casino d&rsquo;Ax-les-Thermes, durant Ludovia#19, le 23 ao\u00fbt 2022. L&rsquo;\u00e9v\u00e8nement a \u00e9t\u00e9 retransmis en direct sur YouTube. <a rel=\"noreferrer noopener\" href=\"https:\/\/youtu.be\/0GCHRcz-A0k\" target=\"_blank\"><strong>Voici le lien du replay<\/strong><\/a>, la bande son a un soucis. Cela ne vient pas de votre appareil.<\/p>\n\n\n\n<p>Le vote s\u2019est d\u00e9roul\u00e9 via le Framavox des adh\u00e9rents du 23 ao\u00fbt au 03 septembre.<\/p>\n\n\n\n<ul class=\"wp-block-list\"><li>Le rapport d\u2019activit\u00e9 a \u00e9t\u00e9 approuv\u00e9 par 143 voix<\/li><li>Le rapport financier a \u00e9t\u00e9 approuv\u00e9 par 129 voix<\/li><li>Deux adh\u00e9rents se sont abstenus.<\/li><\/ul>\n\n\n\n<p>Merci aux participants.<\/p>\n\n\n\n<p>La campagne d\u2019adh\u00e9sion 2022-2023 a  d\u00e9but\u00e9. Elle prendra fin juste avant la prochaine assembl\u00e9e qui aura lieu au cours de Ludovia#20.<br>D\u00e8s que la composition du bureau et du conseil d&rsquo;administration seront connues, elle seront publi\u00e9es.<\/p>\n\n\n<a href=\"https:\/\/aft-rn.net\/wordpress\/wp-content\/uploads\/2022\/09\/Rapport-dactivite\u0301-2022.pdf\" class=\"pdfemb-viewer\" style=\"\" data-width=\"max\" data-height=\"max\" data-toolbar=\"bottom\" data-toolbar-fixed=\"off\">Rapport-dactivite\u0301-2022<\/a>\n<p class=\"wp-block-pdfemb-pdf-embedder-viewer\"><\/p>\n","protected":false},"excerpt":{"rendered":"<p>Gilles Maniglier, Christian Stracka et St\u00e9phane Last\u00e8re, photo de Marie-Jo Eloy Pour la premi\u00e8re fois depuis longtemps, notre assembl\u00e9e g\u00e9n\u00e9rale s&rsquo;est d\u00e9roul\u00e9e en pr\u00e9sentiel, dans la salle de conf\u00e9rence du casino d&rsquo;Ax-les-Thermes, durant Ludovia#19, le 23 ao\u00fbt 2022. L&rsquo;\u00e9v\u00e8nement a <a href=\"https:\/\/aft-rn.net\/wordpress\/2022\/09\/04\/assemblee-generale-2022\/\" class=\"read-more\">Read More &#8230;<\/a><\/p>\n","protected":false},"author":1,"featured_media":1412,"comment_status":"closed","ping_status":"open","sticky":false,"template":"","format":"standard","meta":{"footnotes":""},"categories":[25],"tags":[],"class_list":["post-1409","post","type-post","status-publish","format-standard","has-post-thumbnail","hentry","category-2021-2022"],"_links":{"self":[{"href":"https:\/\/aft-rn.net\/wordpress\/wp-json\/wp\/v2\/posts\/1409","targetHints":{"allow":["GET"]}}],"collection":[{"href":"https:\/\/aft-rn.net\/wordpress\/wp-json\/wp\/v2\/posts"}],"about":[{"href":"https:\/\/aft-rn.net\/wordpress\/wp-json\/wp\/v2\/types\/post"}],"author":[{"embeddable":true,"href":"https:\/\/aft-rn.net\/wordpress\/wp-json\/wp\/v2\/users\/1"}],"replies":[{"embeddable":true,"href":"https:\/\/aft-rn.net\/wordpress\/wp-json\/wp\/v2\/comments?post=1409"}],"version-history":[{"count":0,"href":"https:\/\/aft-rn.net\/wordpress\/wp-json\/wp\/v2\/posts\/1409\/revisions"}],"wp:featuredmedia":[{"embeddable":true,"href":"https:\/\/aft-rn.net\/wordpress\/wp-json\/wp\/v2\/media\/1412"}],"wp:attachment":[{"href":"https:\/\/aft-rn.net\/wordpress\/wp-json\/wp\/v2\/media?parent=1409"}],"wp:term":[{"taxonomy":"category","embeddable":true,"href":"https:\/\/aft-rn.net\/wordpress\/wp-json\/wp\/v2\/categories?post=1409"},{"taxonomy":"post_tag","embeddable":true,"href":"https:\/\/aft-rn.net\/wordpress\/wp-json\/wp\/v2\/tags?post=1409"}],"curies":[{"name":"wp","href":"https:\/\/api.w.org\/{rel}","templated":true}]}}