{"id":1579,"date":"2023-04-28T09:19:50","date_gmt":"2023-04-28T07:19:50","guid":{"rendered":"https:\/\/aft-rn.net\/wordpress\/?p=1579"},"modified":"2023-05-15T14:31:05","modified_gmt":"2023-05-15T12:31:05","slug":"webinaires-adaptivmath","status":"publish","type":"post","link":"https:\/\/aft-rn.net\/wordpress\/2023\/04\/28\/webinaires-adaptivmath\/","title":{"rendered":"Webinaires Adaptiv\u2019Math"},"content":{"rendered":"\n<p>L\u2019entreprise <strong><a href=\"https:\/\/evidenceb.fr\/\" target=\"_blank\" rel=\"noreferrer noopener\">Evidence B<\/a><\/strong> et l\u2019AFT-RN coorganisent trois webinaires:<\/p>\n\n\n\n<p>1- Pr\u00e9sentation des principes g\u00e9n\u00e9raux d&rsquo;Adaptiv&rsquo;Math, <strong>le mardi 16 mai de 14 \u00e0 15 heures<\/strong>,<\/p>\n\n\n\n<p>2-Pr\u00e9sentation en d\u00e9tail des modules et des activit\u00e9s p\u00e9dagogiques pouvant \u00eatre mis en place, <strong>le jeudi 8 juin de 14 \u00e0 15 heures<\/strong>,<\/p>\n\n\n\n<p>3- Pr\u00e9sentation de retours d&rsquo;usage et de retours terrain, <strong>le mardi 27 juin de 14 \u00e0 15 heures<\/strong>,<\/p>\n\n\n\n<p><strong>Les liens de participation \u00e0 ces trois webinaires seront transmis le lundi pr\u00e9c\u00e9dent chaque webinaire, via la liste nationale.<\/strong> <strong>Si vous ne pouvez y participer, les trois webinaires seront accessibles sur Youtube ult\u00e9rieurement.<\/strong><\/p>\n\n\n\n<p>Des \u00e9v\u00e9nements seront aussi coorganis\u00e9s \u00e0 Ax-les-Thermes durant le Ludovia 20, du 22 au 25 ao\u00fbt. C\u2019est peut-\u00eatre l\u2019occasion, si ce n\u2019est pas encore fait, de vous <strong><a rel=\"noreferrer noopener\" href=\"https:\/\/aft-rn.net\/wordpress\/2023\/04\/04\/offre-reservee-aux-adherents-pour-ludovia19\/\" target=\"_blank\">pr\u00e9inscrire<\/a> <\/strong>pour y participer.<\/p>\n","protected":false},"excerpt":{"rendered":"<p>L\u2019entreprise Evidence B et l\u2019AFT-RN coorganisent trois webinaires: 1- Pr\u00e9sentation des principes g\u00e9n\u00e9raux d&rsquo;Adaptiv&rsquo;Math, le mardi 16 mai de 14 \u00e0 15 heures, 2-Pr\u00e9sentation en d\u00e9tail des modules et des activit\u00e9s p\u00e9dagogiques pouvant \u00eatre mis en place, le jeudi 8 <a href=\"https:\/\/aft-rn.net\/wordpress\/2023\/04\/28\/webinaires-adaptivmath\/\" class=\"read-more\">Read More &#8230;<\/a><\/p>\n","protected":false},"author":1,"featured_media":1463,"comment_status":"closed","ping_status":"open","sticky":false,"template":"","format":"standard","meta":{"footnotes":""},"categories":[35],"tags":[],"class_list":["post-1579","post","type-post","status-publish","format-standard","has-post-thumbnail","hentry","category-2022-2023"],"_links":{"self":[{"href":"https:\/\/aft-rn.net\/wordpress\/wp-json\/wp\/v2\/posts\/1579","targetHints":{"allow":["GET"]}}],"collection":[{"href":"https:\/\/aft-rn.net\/wordpress\/wp-json\/wp\/v2\/posts"}],"about":[{"href":"https:\/\/aft-rn.net\/wordpress\/wp-json\/wp\/v2\/types\/post"}],"author":[{"embeddable":true,"href":"https:\/\/aft-rn.net\/wordpress\/wp-json\/wp\/v2\/users\/1"}],"replies":[{"embeddable":true,"href":"https:\/\/aft-rn.net\/wordpress\/wp-json\/wp\/v2\/comments?post=1579"}],"version-history":[{"count":0,"href":"https:\/\/aft-rn.net\/wordpress\/wp-json\/wp\/v2\/posts\/1579\/revisions"}],"wp:featuredmedia":[{"embeddable":true,"href":"https:\/\/aft-rn.net\/wordpress\/wp-json\/wp\/v2\/media\/1463"}],"wp:attachment":[{"href":"https:\/\/aft-rn.net\/wordpress\/wp-json\/wp\/v2\/media?parent=1579"}],"wp:term":[{"taxonomy":"category","embeddable":true,"href":"https:\/\/aft-rn.net\/wordpress\/wp-json\/wp\/v2\/categories?post=1579"},{"taxonomy":"post_tag","embeddable":true,"href":"https:\/\/aft-rn.net\/wordpress\/wp-json\/wp\/v2\/tags?post=1579"}],"curies":[{"name":"wp","href":"https:\/\/api.w.org\/{rel}","templated":true}]}}