{"id":2294,"date":"2024-11-18T10:01:34","date_gmt":"2024-11-18T09:01:34","guid":{"rendered":"https:\/\/aft-rn.net\/wordpress\/?p=2294"},"modified":"2024-11-18T12:51:58","modified_gmt":"2024-11-18T11:51:58","slug":"retour-en-images-des-rdv-de-laft-rn-au-salon-eductech-expo","status":"publish","type":"post","link":"https:\/\/aft-rn.net\/wordpress\/2024\/11\/18\/retour-en-images-des-rdv-de-laft-rn-au-salon-eductech-expo\/","title":{"rendered":"Retour en images sur les rendez-vous de l&rsquo;AFT-RN au salon Educ@tech expo"},"content":{"rendered":"<p><a href=\"https:\/\/aft-rn.net\/wordpress\/2024\/11\/05\/les-rendez-vous-de-laft-rn-au-salon-eductech-expo\/\" target=\"_blank\" rel=\"noopener\"><strong>Les ateliers propos\u00e9s<\/strong><\/a> ont \u00e9t\u00e9 l&rsquo;occasion de nombreux \u00e9changes. <img loading=\"lazy\" decoding=\"async\" class=\"wp-image-2300 alignleft\" src=\"https:\/\/aft-rn.net\/wordpress\/wp-content\/uploads\/2024\/11\/IMG_1223-300x226.jpg\" alt=\"\" width=\"206\" height=\"155\" srcset=\"https:\/\/aft-rn.net\/wordpress\/wp-content\/uploads\/2024\/11\/IMG_1223-300x226.jpg 300w, https:\/\/aft-rn.net\/wordpress\/wp-content\/uploads\/2024\/11\/IMG_1223-1024x771.jpg 1024w, https:\/\/aft-rn.net\/wordpress\/wp-content\/uploads\/2024\/11\/IMG_1223-768x578.jpg 768w, https:\/\/aft-rn.net\/wordpress\/wp-content\/uploads\/2024\/11\/IMG_1223-1536x1157.jpg 1536w, https:\/\/aft-rn.net\/wordpress\/wp-content\/uploads\/2024\/11\/IMG_1223-360x270.jpg 360w, https:\/\/aft-rn.net\/wordpress\/wp-content\/uploads\/2024\/11\/IMG_1223-1320x994.jpg 1320w, https:\/\/aft-rn.net\/wordpress\/wp-content\/uploads\/2024\/11\/IMG_1223.jpg 2048w\" sizes=\"auto, (max-width: 206px) 100vw, 206px\" \/><\/p>\n<p>Malheureusement, certains n&rsquo;ont pas rencontr\u00e9 le public esp\u00e9r\u00e9, malgr\u00e9 la qualit\u00e9 des interventions et des intervenants.<\/p>\n<p>Nous remercions tous ceux et toutes celles qui ont anim\u00e9 des ateliers.<\/p>\n<p>Nous remercions aussi PopLab, Idruide et Inmac Wstore pour leur accueil.<\/p>\n<div id='gallery-1' class='gallery galleryid-2294 gallery-columns-3 gallery-size-thumbnail'><figure class='gallery-item'>\n\t\t\t<div class='gallery-icon portrait'>\n\t\t\t\t<a href='https:\/\/aft-rn.net\/wordpress\/2024\/11\/18\/retour-en-images-des-rdv-de-laft-rn-au-salon-eductech-expo\/img_1190\/'><img loading=\"lazy\" decoding=\"async\" width=\"150\" height=\"150\" src=\"https:\/\/aft-rn.net\/wordpress\/wp-content\/uploads\/2024\/11\/IMG_1190-150x150.jpg\" class=\"attachment-thumbnail size-thumbnail\" alt=\"\" aria-describedby=\"gallery-1-2298\" \/><\/a>\n\t\t\t<\/div>\n\t\t\t\t<figcaption class='wp-caption-text gallery-caption' id='gallery-1-2298'>\n\t\t\t\tStand de LDE PopLab\n\t\t\t\t<\/figcaption><\/figure><figure class='gallery-item'>\n\t\t\t<div class='gallery-icon landscape'>\n\t\t\t\t<a href='https:\/\/aft-rn.net\/wordpress\/2024\/11\/18\/retour-en-images-des-rdv-de-laft-rn-au-salon-eductech-expo\/img_1257\/'><img loading=\"lazy\" decoding=\"async\" width=\"150\" height=\"150\" src=\"https:\/\/aft-rn.net\/wordpress\/wp-content\/uploads\/2024\/11\/IMG_1257-150x150.jpg\" class=\"attachment-thumbnail size-thumbnail\" alt=\"\" aria-describedby=\"gallery-1-2301\" \/><\/a>\n\t\t\t<\/div>\n\t\t\t\t<figcaption class='wp-caption-text gallery-caption' id='gallery-1-2301'>\n\t\t\t\tStand d&rsquo;Idruide\n\t\t\t\t<\/figcaption><\/figure><figure class='gallery-item'>\n\t\t\t<div class='gallery-icon portrait'>\n\t\t\t\t<a href='https:\/\/aft-rn.net\/wordpress\/2024\/11\/18\/retour-en-images-des-rdv-de-laft-rn-au-salon-eductech-expo\/img_1227\/'><img loading=\"lazy\" decoding=\"async\" width=\"150\" height=\"150\" src=\"https:\/\/aft-rn.net\/wordpress\/wp-content\/uploads\/2024\/11\/IMG_1227-150x150.jpg\" class=\"attachment-thumbnail size-thumbnail\" alt=\"\" aria-describedby=\"gallery-1-2303\" \/><\/a>\n\t\t\t<\/div>\n\t\t\t\t<figcaption class='wp-caption-text gallery-caption' id='gallery-1-2303'>\n\t\t\t\tStand d&rsquo;Inmac Wstore\n\t\t\t\t<\/figcaption><\/figure>\n\t\t<\/div>\n\n<p>La tradition de la photo de groupe a \u00e9t\u00e9 respect\u00e9e.<\/p>\n<div id='gallery-2' class='gallery galleryid-2294 gallery-columns-3 gallery-size-thumbnail'><figure class='gallery-item'>\n\t\t\t<div class='gallery-icon landscape'>\n\t\t\t\t<a href='https:\/\/aft-rn.net\/wordpress\/2024\/11\/18\/retour-en-images-des-rdv-de-laft-rn-au-salon-eductech-expo\/img_1185\/'><img loading=\"lazy\" decoding=\"async\" width=\"150\" height=\"150\" src=\"https:\/\/aft-rn.net\/wordpress\/wp-content\/uploads\/2024\/11\/IMG_1185-150x150.jpg\" class=\"attachment-thumbnail size-thumbnail\" alt=\"\" aria-describedby=\"gallery-2-2315\" \/><\/a>\n\t\t\t<\/div>\n\t\t\t\t<figcaption class='wp-caption-text gallery-caption' id='gallery-2-2315'>\n\t\t\t\tMercredi, stand du MEN\n\t\t\t\t<\/figcaption><\/figure><figure class='gallery-item'>\n\t\t\t<div class='gallery-icon landscape'>\n\t\t\t\t<a href='https:\/\/aft-rn.net\/wordpress\/2024\/11\/18\/retour-en-images-des-rdv-de-laft-rn-au-salon-eductech-expo\/img_1210\/'><img loading=\"lazy\" decoding=\"async\" width=\"150\" height=\"150\" src=\"https:\/\/aft-rn.net\/wordpress\/wp-content\/uploads\/2024\/11\/IMG_1210-150x150.jpg\" class=\"attachment-thumbnail size-thumbnail\" alt=\"\" aria-describedby=\"gallery-2-2314\" \/><\/a>\n\t\t\t<\/div>\n\t\t\t\t<figcaption class='wp-caption-text gallery-caption' id='gallery-2-2314'>\n\t\t\t\tJeudi, stand d&rsquo;Easytis\n\t\t\t\t<\/figcaption><\/figure><figure class='gallery-item'>\n\t\t\t<div class='gallery-icon landscape'>\n\t\t\t\t<a href='https:\/\/aft-rn.net\/wordpress\/2024\/11\/18\/retour-en-images-des-rdv-de-laft-rn-au-salon-eductech-expo\/img_1238\/'><img loading=\"lazy\" decoding=\"async\" width=\"150\" height=\"150\" src=\"https:\/\/aft-rn.net\/wordpress\/wp-content\/uploads\/2024\/11\/IMG_1238-150x150.jpg\" class=\"attachment-thumbnail size-thumbnail\" alt=\"\" aria-describedby=\"gallery-2-2313\" \/><\/a>\n\t\t\t<\/div>\n\t\t\t\t<figcaption class='wp-caption-text gallery-caption' id='gallery-2-2313'>\n\t\t\t\tVendredi stand de l&rsquo;AFT-RN\n\t\t\t\t<\/figcaption><\/figure>\n\t\t<\/div>\n\n<p>Merci \u00e0 Easytis pour les nombreux lots mis en jeu.<\/p>\n<p><img loading=\"lazy\" decoding=\"async\" class=\"wp-image-2322 aligncenter\" src=\"https:\/\/aft-rn.net\/wordpress\/wp-content\/uploads\/2024\/11\/IMG_1225-300x188.jpg\" alt=\"\" width=\"259\" height=\"162\" srcset=\"https:\/\/aft-rn.net\/wordpress\/wp-content\/uploads\/2024\/11\/IMG_1225-300x188.jpg 300w, https:\/\/aft-rn.net\/wordpress\/wp-content\/uploads\/2024\/11\/IMG_1225-768x482.jpg 768w, https:\/\/aft-rn.net\/wordpress\/wp-content\/uploads\/2024\/11\/IMG_1225-360x226.jpg 360w, https:\/\/aft-rn.net\/wordpress\/wp-content\/uploads\/2024\/11\/IMG_1225.jpg 1024w\" sizes=\"auto, (max-width: 259px) 100vw, 259px\" \/><\/p>\n<p>Nous remercions le service marketing du salon, pour le stand et la visibilit\u00e9, ainsi que Viewsonic et Samsung pour le pr\u00eat des ENI.<\/p>\n<div id='gallery-3' class='gallery galleryid-2294 gallery-columns-3 gallery-size-thumbnail'><figure class='gallery-item'>\n\t\t\t<div class='gallery-icon portrait'>\n\t\t\t\t<a href='https:\/\/aft-rn.net\/wordpress\/2024\/11\/18\/retour-en-images-des-rdv-de-laft-rn-au-salon-eductech-expo\/img_1202\/'><img loading=\"lazy\" decoding=\"async\" width=\"150\" height=\"150\" src=\"https:\/\/aft-rn.net\/wordpress\/wp-content\/uploads\/2024\/11\/IMG_1202-150x150.jpg\" class=\"attachment-thumbnail size-thumbnail\" alt=\"\" \/><\/a>\n\t\t\t<\/div><\/figure><figure class='gallery-item'>\n\t\t\t<div class='gallery-icon portrait'>\n\t\t\t\t<a href='https:\/\/aft-rn.net\/wordpress\/2024\/11\/18\/retour-en-images-des-rdv-de-laft-rn-au-salon-eductech-expo\/img_1183\/'><img loading=\"lazy\" decoding=\"async\" width=\"150\" height=\"150\" src=\"https:\/\/aft-rn.net\/wordpress\/wp-content\/uploads\/2024\/11\/IMG_1183-150x150.jpg\" class=\"attachment-thumbnail size-thumbnail\" alt=\"\" \/><\/a>\n\t\t\t<\/div><\/figure><figure class='gallery-item'>\n\t\t\t<div class='gallery-icon portrait'>\n\t\t\t\t<a href='https:\/\/aft-rn.net\/wordpress\/2024\/11\/18\/retour-en-images-des-rdv-de-laft-rn-au-salon-eductech-expo\/photo-2024-11-13-10-03-05\/'><img loading=\"lazy\" decoding=\"async\" width=\"150\" height=\"150\" src=\"https:\/\/aft-rn.net\/wordpress\/wp-content\/uploads\/2024\/11\/PHOTO-2024-11-13-10-03-05-150x150.jpg\" class=\"attachment-thumbnail size-thumbnail\" alt=\"\" \/><\/a>\n\t\t\t<\/div><\/figure>\n\t\t<\/div>\n\n<p style=\"text-align: center;\"><strong>Nous vous donnons rendez-vous l&rsquo;ann\u00e9e prochaine, les\u00a0<b>19.20.21 Novembre 2025<\/b>.<\/strong><\/p>\n","protected":false},"excerpt":{"rendered":"<p>Les ateliers propos\u00e9s ont \u00e9t\u00e9 l&rsquo;occasion de nombreux \u00e9changes. Malheureusement, certains n&rsquo;ont pas rencontr\u00e9 le public esp\u00e9r\u00e9, malgr\u00e9 la qualit\u00e9 des interventions et des intervenants. Nous remercions tous ceux et toutes celles qui ont anim\u00e9 des ateliers. Nous remercions aussi <a href=\"https:\/\/aft-rn.net\/wordpress\/2024\/11\/18\/retour-en-images-des-rdv-de-laft-rn-au-salon-eductech-expo\/\" class=\"read-more\">Read More &#8230;<\/a><\/p>\n","protected":false},"author":1,"featured_media":2262,"comment_status":"closed","ping_status":"open","sticky":false,"template":"","format":"standard","meta":{"footnotes":""},"categories":[41],"tags":[],"class_list":["post-2294","post","type-post","status-publish","format-standard","has-post-thumbnail","hentry","category-2024-2025"],"_links":{"self":[{"href":"https:\/\/aft-rn.net\/wordpress\/wp-json\/wp\/v2\/posts\/2294","targetHints":{"allow":["GET"]}}],"collection":[{"href":"https:\/\/aft-rn.net\/wordpress\/wp-json\/wp\/v2\/posts"}],"about":[{"href":"https:\/\/aft-rn.net\/wordpress\/wp-json\/wp\/v2\/types\/post"}],"author":[{"embeddable":true,"href":"https:\/\/aft-rn.net\/wordpress\/wp-json\/wp\/v2\/users\/1"}],"replies":[{"embeddable":true,"href":"https:\/\/aft-rn.net\/wordpress\/wp-json\/wp\/v2\/comments?post=2294"}],"version-history":[{"count":31,"href":"https:\/\/aft-rn.net\/wordpress\/wp-json\/wp\/v2\/posts\/2294\/revisions"}],"predecessor-version":[{"id":2340,"href":"https:\/\/aft-rn.net\/wordpress\/wp-json\/wp\/v2\/posts\/2294\/revisions\/2340"}],"wp:featuredmedia":[{"embeddable":true,"href":"https:\/\/aft-rn.net\/wordpress\/wp-json\/wp\/v2\/media\/2262"}],"wp:attachment":[{"href":"https:\/\/aft-rn.net\/wordpress\/wp-json\/wp\/v2\/media?parent=2294"}],"wp:term":[{"taxonomy":"category","embeddable":true,"href":"https:\/\/aft-rn.net\/wordpress\/wp-json\/wp\/v2\/categories?post=2294"},{"taxonomy":"post_tag","embeddable":true,"href":"https:\/\/aft-rn.net\/wordpress\/wp-json\/wp\/v2\/tags?post=2294"}],"curies":[{"name":"wp","href":"https:\/\/api.w.org\/{rel}","templated":true}]}}