{"id":2439,"date":"2025-04-03T09:29:12","date_gmt":"2025-04-03T07:29:12","guid":{"rendered":"https:\/\/aft-rn.net\/wordpress\/?p=2439"},"modified":"2025-04-03T09:29:12","modified_gmt":"2025-04-03T07:29:12","slug":"ludoviaexpress","status":"publish","type":"post","link":"https:\/\/aft-rn.net\/wordpress\/2025\/04\/03\/ludoviaexpress\/","title":{"rendered":"LUDOVIA#Express"},"content":{"rendered":"<p>Si vous ne pouvez pas vous participer \u00e0 LUDOVIA#FR \u00e0 Ax-les-Thermes au mois d&rsquo;ao\u00fbt, vous avez la possibilit\u00e9 de participer \u00e0 <a href=\"https:\/\/ludovia.be\/\" target=\"_blank\" rel=\"noopener\"><strong>LUDOVIA#BE<\/strong><\/a> qui aura lieu \u00e0 Spa en Belgique, du 21 au 23 octobre 2025.<\/p>\n<p style=\"text-align: center;\">Notre association sera pr\u00e9sente et comme en Ari\u00e8ge, nous y animerons des ateliers.<\/p>\n<p>L\u2019acc\u00e8s \u00e0 LUDOVIA#BE <strong>est\u00a0gratuit<\/strong> sur l\u2019ensemble des trois jours. Il doit cependant faire l\u2019objet d\u2019une inscription en ligne sur leur site. Vous pourrez le faire, juste avant l&rsquo;\u00e9v\u00e8nement.<\/p>\n<p>Par contre, l&rsquo;appel \u00e0 candidature pour le concours de <strong>LUDOVIA#BE<\/strong>, le\u00a0Festival des p\u00e9dagogies num\u00e9riques\u00a0:\u00a0<a href=\"https:\/\/ludovia.be\/concours-ludovia-express\/\" target=\"_blank\" rel=\"noopener\"><strong>LUDOVIA#Express<\/strong><\/a> est ouvert. Le \u00ab\u00a0Ludovia Express\u00a0\u00bb est un concours o\u00f9 les candidats, qu&rsquo;ils soient enseignants sans distinction de niveau, \u00e9ducateurs ou chercheurs, sont invit\u00e9s \u00e0 mettre en avant leur cr\u00e9ativit\u00e9 et leur exp\u00e9rience en mati\u00e8re d&rsquo;utilisation du num\u00e9rique.<\/p>\n<p style=\"text-align: center;\"><strong>Vous avez connaissance de pratiques inspirantes\u00a0? Relayez cet appel\u00a0!<\/strong><\/p>\n<p>Pour participer,\u00a0il suffit\u00a0d&rsquo;envoyer votre projet (pr\u00e9sentation finale\u00a0:\u00a0max 8 dias\/pour 10 minutes de\u00a0pr\u00e9sentation\u00a0et un r\u00e9sum\u00e9 de votre communication), avant le\u00a0<strong>11 juillet\u00a02025<\/strong> au pr\u00e9sident de jury : Mikael Degeer (<a href=\"mailto:MDegeer@hech.be\">MDegeer@hech.be<\/a>).<br \/>\nLes orateurs retenus seront personnellement contact\u00e9s au plus tard\u00a0le\u00a0<strong>05 septembre 2025<\/strong>.<\/p>\n<p><strong>LUDOVIA#Express en pratique\u00a0:<\/strong><\/p>\n<ul>\n<li>Date : 21\u00a0octobre 2025<\/li>\n<li>Ce concours est ouvert \u00e0 tous, chercheur.euse ou non, n&rsquo;h\u00e9sitez pas \u00e0 partager vos exp\u00e9riences,<\/li>\n<li>Le r\u00e9sum\u00e9 de votre communication d\u00e9crira les objectifs du projet,<\/li>\n<li>Le r\u00e9sum\u00e9 de votre communication d\u00e9crira les r\u00e9sultats \u00e9ventuels et mise en \u00e9vidence de l&rsquo;int\u00e9r\u00eat de la proposition,<\/li>\n<li>La communication est pr\u00e9sent\u00e9e individuellement (mais peut repr\u00e9senter un travail d&rsquo;\u00e9quipe),<\/li>\n<li>Lieu :\u00a0Centre culturel de Spa (Spa-Jalhay-Stoumont Rue Servais 8, 4900 Spa &#8211;\u00a0Belgique)<\/li>\n<li>\u00c0 gagner : de nombreux lots p\u00e9dagogiques et informatiques offerts par nos diff\u00e9rents partenaires, pour une valeur de plus de 1000\u20ac.<\/li>\n<\/ul>\n<p>Les actions pr\u00e9sent\u00e9es peuvent couvrir tous les \u00e2ges scolaires (de la maternelle au doctorat, en passant par la formation pour adultes).<\/p>\n<p>LUDOVIA#BE est un \u00e9v\u00e9nement organis\u00e9 par l&rsquo;Agence du Num\u00e9rique dans le cadre du programme Digital Wallonia 4 Edu de la strat\u00e9gie num\u00e9rique de la Wallonie.<\/p>\n","protected":false},"excerpt":{"rendered":"<p>Si vous ne pouvez pas vous participer \u00e0 LUDOVIA#FR \u00e0 Ax-les-Thermes au mois d&rsquo;ao\u00fbt, vous avez la possibilit\u00e9 de participer \u00e0 LUDOVIA#BE qui aura lieu \u00e0 Spa en Belgique, du 21 au 23 octobre 2025. Notre association sera pr\u00e9sente et <a href=\"https:\/\/aft-rn.net\/wordpress\/2025\/04\/03\/ludoviaexpress\/\" class=\"read-more\">Read More &#8230;<\/a><\/p>\n","protected":false},"author":1,"featured_media":2442,"comment_status":"closed","ping_status":"open","sticky":false,"template":"","format":"standard","meta":{"footnotes":""},"categories":[48],"tags":[],"class_list":["post-2439","post","type-post","status-publish","format-standard","has-post-thumbnail","hentry","category-evenements-2025-2026"],"_links":{"self":[{"href":"https:\/\/aft-rn.net\/wordpress\/wp-json\/wp\/v2\/posts\/2439","targetHints":{"allow":["GET"]}}],"collection":[{"href":"https:\/\/aft-rn.net\/wordpress\/wp-json\/wp\/v2\/posts"}],"about":[{"href":"https:\/\/aft-rn.net\/wordpress\/wp-json\/wp\/v2\/types\/post"}],"author":[{"embeddable":true,"href":"https:\/\/aft-rn.net\/wordpress\/wp-json\/wp\/v2\/users\/1"}],"replies":[{"embeddable":true,"href":"https:\/\/aft-rn.net\/wordpress\/wp-json\/wp\/v2\/comments?post=2439"}],"version-history":[{"count":4,"href":"https:\/\/aft-rn.net\/wordpress\/wp-json\/wp\/v2\/posts\/2439\/revisions"}],"predecessor-version":[{"id":2444,"href":"https:\/\/aft-rn.net\/wordpress\/wp-json\/wp\/v2\/posts\/2439\/revisions\/2444"}],"wp:featuredmedia":[{"embeddable":true,"href":"https:\/\/aft-rn.net\/wordpress\/wp-json\/wp\/v2\/media\/2442"}],"wp:attachment":[{"href":"https:\/\/aft-rn.net\/wordpress\/wp-json\/wp\/v2\/media?parent=2439"}],"wp:term":[{"taxonomy":"category","embeddable":true,"href":"https:\/\/aft-rn.net\/wordpress\/wp-json\/wp\/v2\/categories?post=2439"},{"taxonomy":"post_tag","embeddable":true,"href":"https:\/\/aft-rn.net\/wordpress\/wp-json\/wp\/v2\/tags?post=2439"}],"curies":[{"name":"wp","href":"https:\/\/api.w.org\/{rel}","templated":true}]}}