{"id":2965,"date":"2025-12-09T15:04:37","date_gmt":"2025-12-09T14:04:37","guid":{"rendered":"https:\/\/aft-rn.net\/wordpress\/?p=2965"},"modified":"2025-12-09T15:04:37","modified_gmt":"2025-12-09T14:04:37","slug":"ecole-branchee-votre-partenaire-deducation-aux-medias-numeriques-et-dinnovation-pedagogique","status":"publish","type":"post","link":"https:\/\/aft-rn.net\/wordpress\/2025\/12\/09\/ecole-branchee-votre-partenaire-deducation-aux-medias-numeriques-et-dinnovation-pedagogique\/","title":{"rendered":"\u00c9cole branch\u00e9e &#8211; Votre partenaire d&rsquo;\u00e9ducation aux m\u00e9dias num\u00e9riques et d&rsquo;innovation p\u00e9dagogique!"},"content":{"rendered":"<p><span id=\"v1gmail-docs-internal-guid-91375b57-7fff-8626-2b8f-b695c297b34c\">M\u00e9dia \u00e0 but non lucratif sp\u00e9cialis\u00e9 en \u00e9ducation aux m\u00e9dias num\u00e9riques et en innovation p\u00e9dagogique, l&rsquo;<strong><a href=\"http:\/\/www.ecolebranchee.com\" target=\"_blank\" rel=\"noopener noreferrer\">\u00c9cole branch\u00e9e<\/a> <\/strong>agit pour la r\u00e9ussite \u00e9ducative en accompagnant le milieu scolaire depuis 30 ans. R\u00e9f\u00e9rence des professionnels de l&rsquo;enseignement, elle propose \u00e0 ses membres une plateforme de d\u00e9veloppement professionnel tout-en-un qui nourrit le plaisir d&rsquo;enseigner et d&rsquo;innover dans un monde en constante transformation!<\/span><\/p>\n<p dir=\"ltr\"><strong>C&rsquo;est une occasion unique qui vous est offerte!<\/strong> Faites briller les r\u00e9ussites v\u00e9cues dans les zones que vous accompagnez ou faites conna\u00eetre les ressources que vous avez cr\u00e9\u00e9es en <a href=\"https:\/\/ecolebranchee.com\/a-propos\/soumettez-un-article\/\" target=\"_blank\" rel=\"noopener noreferrer\"><strong>soumettant un article<\/strong><\/a> pour le fil d&rsquo;actualit\u00e9 p\u00e9dagogique, dont la port\u00e9e est internationale.<\/p>\n<p dir=\"ltr\">L&rsquo;\u00c9cole branch\u00e9e est fi\u00e8re de soutenir les formateurs TICE membres de l&rsquo;AFT-RN en leur offrant un membership complet, donnant acc\u00e8s \u00e0 l&rsquo;ensemble des services :<\/p>\n<ul>\n<li dir=\"ltr\">Revue professionnelle \u00c9cole branch\u00e9e <img loading=\"lazy\" decoding=\"async\" class=\" wp-image-2973 alignright\" src=\"https:\/\/aft-rn.net\/wordpress\/wp-content\/uploads\/2025\/12\/Inspirer_plaisir_innover_EB-300x300-1.png\" alt=\"\" width=\"151\" height=\"151\" srcset=\"https:\/\/aft-rn.net\/wordpress\/wp-content\/uploads\/2025\/12\/Inspirer_plaisir_innover_EB-300x300-1.png 300w, https:\/\/aft-rn.net\/wordpress\/wp-content\/uploads\/2025\/12\/Inspirer_plaisir_innover_EB-300x300-1-150x150.png 150w, https:\/\/aft-rn.net\/wordpress\/wp-content\/uploads\/2025\/12\/Inspirer_plaisir_innover_EB-300x300-1-270x270.png 270w\" sizes=\"auto, (max-width: 151px) 100vw, 151px\" \/><\/li>\n<li dir=\"ltr\">Formations D\u00e9couverte<\/li>\n<li dir=\"ltr\">Activit\u00e9s SCOOP! pour la classe<\/li>\n<\/ul>\n<p><span id=\"v1gmail-docs-internal-guid-91375b57-7fff-8626-2b8f-b695c297b34c\">Le membership complet est propos\u00e9 au tarif de <strong>235 \u20ac par enseignant<\/strong> (membre individuel) ou de <strong>1 000 \u20ac pour l&rsquo;ensemble du personnel d&rsquo;une \u00e9cole<\/strong> (membre institutionnel).<\/span><\/p>\n<div class=\"v1gmail_default\">\n<ul>\n<li dir=\"ltr\">\n<p dir=\"ltr\">Pour devenir membre de l&rsquo;\u00c9cole branch\u00e9e, <a href=\"https:\/\/forms.gle\/qBFz41sXAn9cpnY18\" target=\"_blank\" rel=\"noopener noreferrer\"><strong>inscrivez-vous via ce formulaire<\/strong><\/a>.<\/p>\n<\/li>\n<li dir=\"ltr\">\n<p dir=\"ltr\">Inscrivez-vous aussi <strong><a href=\"https:\/\/forms.gle\/V9qhSjMN9MSSJkTS8\" target=\"_blank\" rel=\"noopener noreferrer\">au webinaire destin\u00e9 aux membres AFT-RN<\/a><\/strong>, le 18 mars 2026 \u00e0 16h00 (heure de l&rsquo;Europe centrale).<\/p>\n<\/li>\n<li dir=\"ltr\">\n<p dir=\"ltr\">Si vous ne pouvez pas attendre cette date, planifiez une visite d&rsquo;introduction personnalis\u00e9e aux diff\u00e9rents services : <strong><a href=\"https:\/\/ecolebranchee.com\/rendez-vous\/\" target=\"_blank\" rel=\"noopener noreferrer\">ecolebranchee.com\/rendez-vous\/<\/a><\/strong><\/p>\n<\/li>\n<\/ul>\n<\/div>\n<div class=\"v1gmail_default\"><\/div>\n","protected":false},"excerpt":{"rendered":"<p>M\u00e9dia \u00e0 but non lucratif sp\u00e9cialis\u00e9 en \u00e9ducation aux m\u00e9dias num\u00e9riques et en innovation p\u00e9dagogique, l&rsquo;\u00c9cole branch\u00e9e agit pour la r\u00e9ussite \u00e9ducative en accompagnant le milieu scolaire depuis 30 ans. R\u00e9f\u00e9rence des professionnels de l&rsquo;enseignement, elle propose \u00e0 ses membres <a href=\"https:\/\/aft-rn.net\/wordpress\/2025\/12\/09\/ecole-branchee-votre-partenaire-deducation-aux-medias-numeriques-et-dinnovation-pedagogique\/\" class=\"read-more\">Read More &#8230;<\/a><\/p>\n","protected":false},"author":1,"featured_media":2972,"comment_status":"closed","ping_status":"open","sticky":false,"template":"","format":"standard","meta":{"footnotes":""},"categories":[43,49],"tags":[],"class_list":["post-2965","post","type-post","status-publish","format-standard","has-post-thumbnail","hentry","category-2024-2025-avantages-adherents","category-avantages-adherents-2025-2026"],"_links":{"self":[{"href":"https:\/\/aft-rn.net\/wordpress\/wp-json\/wp\/v2\/posts\/2965","targetHints":{"allow":["GET"]}}],"collection":[{"href":"https:\/\/aft-rn.net\/wordpress\/wp-json\/wp\/v2\/posts"}],"about":[{"href":"https:\/\/aft-rn.net\/wordpress\/wp-json\/wp\/v2\/types\/post"}],"author":[{"embeddable":true,"href":"https:\/\/aft-rn.net\/wordpress\/wp-json\/wp\/v2\/users\/1"}],"replies":[{"embeddable":true,"href":"https:\/\/aft-rn.net\/wordpress\/wp-json\/wp\/v2\/comments?post=2965"}],"version-history":[{"count":20,"href":"https:\/\/aft-rn.net\/wordpress\/wp-json\/wp\/v2\/posts\/2965\/revisions"}],"predecessor-version":[{"id":2987,"href":"https:\/\/aft-rn.net\/wordpress\/wp-json\/wp\/v2\/posts\/2965\/revisions\/2987"}],"wp:featuredmedia":[{"embeddable":true,"href":"https:\/\/aft-rn.net\/wordpress\/wp-json\/wp\/v2\/media\/2972"}],"wp:attachment":[{"href":"https:\/\/aft-rn.net\/wordpress\/wp-json\/wp\/v2\/media?parent=2965"}],"wp:term":[{"taxonomy":"category","embeddable":true,"href":"https:\/\/aft-rn.net\/wordpress\/wp-json\/wp\/v2\/categories?post=2965"},{"taxonomy":"post_tag","embeddable":true,"href":"https:\/\/aft-rn.net\/wordpress\/wp-json\/wp\/v2\/tags?post=2965"}],"curies":[{"name":"wp","href":"https:\/\/api.w.org\/{rel}","templated":true}]}}