{"id":3258,"date":"2026-03-16T11:47:26","date_gmt":"2026-03-16T10:47:26","guid":{"rendered":"https:\/\/aft-rn.net\/wordpress\/?p=3258"},"modified":"2026-03-16T11:47:26","modified_gmt":"2026-03-16T10:47:26","slug":"concours-wespeak-easytis-aft-rn","status":"publish","type":"post","link":"https:\/\/aft-rn.net\/wordpress\/2026\/03\/16\/concours-wespeak-easytis-aft-rn\/","title":{"rendered":"Concours WeSpeak Easytis AFT-RN"},"content":{"rendered":"<p>Lors du dernier salon Educatech vous avez peut-\u00eatre d\u00e9couvert la derni\u00e8re nouveaut\u00e9 de chez Easytis, la webradio Numetis WeSpeak.<\/p>\n<p><a href=\"https:\/\/www.youtube.com\/watch?v=nEeTNS8dnwk\" target=\"_blank\" rel=\"noopener\"><img loading=\"lazy\" decoding=\"async\" class=\" wp-image-3270 aligncenter\" src=\"https:\/\/aft-rn.net\/wordpress\/wp-content\/uploads\/2026\/03\/Capture-decran-2026-03-16-a-11.35.39-300x168.png\" alt=\"\" width=\"339\" height=\"190\" srcset=\"https:\/\/aft-rn.net\/wordpress\/wp-content\/uploads\/2026\/03\/Capture-decran-2026-03-16-a-11.35.39-300x168.png 300w, https:\/\/aft-rn.net\/wordpress\/wp-content\/uploads\/2026\/03\/Capture-decran-2026-03-16-a-11.35.39-360x201.png 360w, https:\/\/aft-rn.net\/wordpress\/wp-content\/uploads\/2026\/03\/Capture-decran-2026-03-16-a-11.35.39.png 737w\" sizes=\"auto, (max-width: 339px) 100vw, 339px\" \/><\/a><\/p>\n<p>Dans le cadre de notre partenariat, la direction d&rsquo;Easytis a d\u00e9cid\u00e9 d&rsquo;attribuer \u00e0 notre association, six exemplaires de\u00a0 WeSpeak. Certains adh\u00e9rents ayant manifest\u00e9 directement leur int\u00e9r\u00eat pour cet outil, lors du salon, quatre missions d\u00e9partementales ont d\u00e9j\u00e0 \u00e9t\u00e9 retenues par Easytis.<br \/>\nPour attribuer les deux derniers, un concours, <span style=\"color: #ff0000;\"><strong>\u00e0 destination des missions d\u00e9partementales m\u00e9tropolitaines<\/strong><\/span>, est organis\u00e9 . Les int\u00e9ress\u00e9es devront faire parvenir, par l\u2019interm\u00e9diaire d&rsquo;un adh\u00e9rent, un dossier p\u00e9dagogique mettant en valeur l&rsquo;utilisation de cette webradio. Les deux meilleurs dossiers se verront attribuer un exemplaire.<\/p>\n<p>Pour construire ce dossier p\u00e9dagogique, si vous manquez d&rsquo;id\u00e9es, inspirez-vous des objectifs p\u00e9dagogiques et des comp\u00e9tences travaill\u00e9es d\u00e9crites <a href=\"https:\/\/www.easytis.com\/fr\/numetis\/13363-webradio-numetis-wespeak.html\" target=\"_blank\" rel=\"noopener\"><strong>dans la fiche produit.<\/strong><\/a> Vous pouvez aussi consulter le guide p\u00e9dagogique publi\u00e9 sur le site Eduscol, <a href=\"https:\/\/eduscol.education.gouv.fr\/6687\/usages-pedagogiques-de-la-webradio\" target=\"_blank\" rel=\"noopener\"><strong>\u00ab\u00a0<span style=\"font-size: 12pt;\">Usages p\u00e9dagogiques de la\u00a0 webradio\u00a0\u00bb<\/span><\/strong><\/a><\/p>\n<p style=\"text-align: center;\">Mais surtout pensez \u00e0 \u00eatre pertinents et originaux pour faire la diff\u00e9rence!<\/p>\n<p style=\"text-align: left;\">Ce concours ne concernant que la France, un autre concours sera organis\u00e9 pour la Belgique, au d\u00e9but de l&rsquo;ann\u00e9e scolaire prochaine et le lot sera remis lors de LUDOVIA#BE \u00e0 Spa.<\/p>\n<p>Modalit\u00e9s:<\/p>\n<ul>\n<li>Le concours est ouvert \u00e0 partir de ce jour. La date limite pour l&rsquo;envoi du dossier p\u00e9dagogique est le <span style=\"color: #ff0000;\"><strong>17 avril 2026<\/strong><\/span><\/li>\n<li>Le dossier est \u00e0 envoyer par mail \u00e0 <a href=\"mailto:ltordeux@easytis.com\"><strong>L<\/strong><strong>aureen Torde<\/strong><strong>ux <\/strong><\/a>et <a href=\"mailto:christian.stracka@aft-rn.net\"><strong>Christian Stracka<\/strong><\/a> en copie.<\/li>\n<li>Le jury sera constitu\u00e9 principalement par des membres de la soci\u00e9t\u00e9 Easytis.<\/li>\n<li>Les deux missions d\u00e9partementales laur\u00e9ates seront contact\u00e9es directement.<\/li>\n<\/ul>\n<p>&nbsp;<\/p>\n","protected":false},"excerpt":{"rendered":"<p>Lors du dernier salon Educatech vous avez peut-\u00eatre d\u00e9couvert la derni\u00e8re nouveaut\u00e9 de chez Easytis, la webradio Numetis WeSpeak. Dans le cadre de notre partenariat, la direction d&rsquo;Easytis a d\u00e9cid\u00e9 d&rsquo;attribuer \u00e0 notre association, six exemplaires de\u00a0 WeSpeak. Certains adh\u00e9rents <a href=\"https:\/\/aft-rn.net\/wordpress\/2026\/03\/16\/concours-wespeak-easytis-aft-rn\/\" class=\"read-more\">Read More &#8230;<\/a><\/p>\n","protected":false},"author":1,"featured_media":3272,"comment_status":"closed","ping_status":"open","sticky":false,"template":"","format":"standard","meta":{"footnotes":""},"categories":[48],"tags":[],"class_list":["post-3258","post","type-post","status-publish","format-standard","has-post-thumbnail","hentry","category-evenements-2025-2026"],"_links":{"self":[{"href":"https:\/\/aft-rn.net\/wordpress\/wp-json\/wp\/v2\/posts\/3258","targetHints":{"allow":["GET"]}}],"collection":[{"href":"https:\/\/aft-rn.net\/wordpress\/wp-json\/wp\/v2\/posts"}],"about":[{"href":"https:\/\/aft-rn.net\/wordpress\/wp-json\/wp\/v2\/types\/post"}],"author":[{"embeddable":true,"href":"https:\/\/aft-rn.net\/wordpress\/wp-json\/wp\/v2\/users\/1"}],"replies":[{"embeddable":true,"href":"https:\/\/aft-rn.net\/wordpress\/wp-json\/wp\/v2\/comments?post=3258"}],"version-history":[{"count":13,"href":"https:\/\/aft-rn.net\/wordpress\/wp-json\/wp\/v2\/posts\/3258\/revisions"}],"predecessor-version":[{"id":3273,"href":"https:\/\/aft-rn.net\/wordpress\/wp-json\/wp\/v2\/posts\/3258\/revisions\/3273"}],"wp:featuredmedia":[{"embeddable":true,"href":"https:\/\/aft-rn.net\/wordpress\/wp-json\/wp\/v2\/media\/3272"}],"wp:attachment":[{"href":"https:\/\/aft-rn.net\/wordpress\/wp-json\/wp\/v2\/media?parent=3258"}],"wp:term":[{"taxonomy":"category","embeddable":true,"href":"https:\/\/aft-rn.net\/wordpress\/wp-json\/wp\/v2\/categories?post=3258"},{"taxonomy":"post_tag","embeddable":true,"href":"https:\/\/aft-rn.net\/wordpress\/wp-json\/wp\/v2\/tags?post=3258"}],"curies":[{"name":"wp","href":"https:\/\/api.w.org\/{rel}","templated":true}]}}