{"id":3455,"date":"2026-08-30T16:21:42","date_gmt":"2026-08-30T14:21:42","guid":{"rendered":"https:\/\/aft-rn.net\/wordpress\/?p=3455"},"modified":"2026-08-30T16:43:27","modified_gmt":"2026-08-30T14:43:27","slug":"le-bureau-2026-2027","status":"publish","type":"post","link":"https:\/\/aft-rn.net\/wordpress\/2026\/08\/30\/le-bureau-2026-2027\/","title":{"rendered":"Le bureau 2026-2027"},"content":{"rendered":"<ul class=\"wp-block-list\">\n<li>Pr\u00e9sidente :\u00a0Aur\u00e9lie Mercier-Richard, <span class=\"css-1qaijid r-bcqeeo r-qvutc0 r-poiln3\">ERUN (Hauts-de-Seine) et charg\u00e9e de mission <\/span>DRANE Ile de France<\/li>\n<li>Secr\u00e9taire g\u00e9n\u00e9rale : Aur\u00e9lie Cuerda, ERUN (d\u00e9partement de l\u2019Essone)<\/li>\n<li>Tr\u00e9sorier g\u00e9n\u00e9ral : Gilles Maniglier, Conseiller P\u00e9dagogique Num\u00e9rique (Pyr\u00e9n\u00e9es-Orientales)<\/li>\n<li>Secr\u00e9taire adjoint :\u00a0St\u00e9phane Last\u00e8re, Conseiller P\u00e9dagogique Num\u00e9rique (Charente)<\/li>\n<li>Tr\u00e9sori\u00e8re adjointe : Marie-Jo Eloy, Conseill\u00e8re P\u00e9dagogique Num\u00e9rique (Seine-Maritime)<\/li>\n<\/ul>\n<p>Membres du conseil d\u2019administration:<\/p>\n<ul class=\"wp-block-list\">\n<li>Herv\u00e9 Allesant, ERUN (d\u00e9partement des Bouches-du-Rh\u00f4ne)<\/li>\n<li>Benoit Naveau, formateur num\u00e9rique en r\u00e9gion wallonne, Belgique<\/li>\n<li>Pierre Verbiest, Animateur, formateur TICE en r\u00e9gion wallone, Belgique<\/li>\n<\/ul>\n<p>La composition du bureau a \u00e9t\u00e9 approuv\u00e9e \u00e0 l\u2019unanimit\u00e9 lors de <a href=\"https:\/\/www.youtube.com\/live\/iw9W1_OhMnE?si=D_X4A2JNNlasAQZD\" target=\"_blank\" rel=\"noopener\"><strong>l\u2019AG du 25 ao\u00fbt 2026<\/strong><\/a><\/p>\n<p>Pr\u00e9sident d&rsquo;honneur: Christian Stracka, ancien ERUN (d\u00e9partement de la Seine-Saint-Denis)<\/p>\n","protected":false},"excerpt":{"rendered":"<p>Pr\u00e9sidente :\u00a0Aur\u00e9lie Mercier-Richard, ERUN (Hauts-de-Seine) et charg\u00e9e de mission DRANE Ile de France Secr\u00e9taire g\u00e9n\u00e9rale : Aur\u00e9lie Cuerda, ERUN (d\u00e9partement de l\u2019Essone) Tr\u00e9sorier g\u00e9n\u00e9ral : Gilles Maniglier, Conseiller P\u00e9dagogique Num\u00e9rique (Pyr\u00e9n\u00e9es-Orientales) Secr\u00e9taire adjoint :\u00a0St\u00e9phane Last\u00e8re, Conseiller P\u00e9dagogique Num\u00e9rique (Charente) Tr\u00e9sori\u00e8re <a href=\"https:\/\/aft-rn.net\/wordpress\/2026\/08\/30\/le-bureau-2026-2027\/\" class=\"read-more\">Read More &#8230;<\/a><\/p>\n","protected":false},"author":1,"featured_media":956,"comment_status":"closed","ping_status":"open","sticky":false,"template":"","format":"standard","meta":{"footnotes":""},"categories":[16],"tags":[],"class_list":["post-3455","post","type-post","status-publish","format-standard","has-post-thumbnail","hentry","category-lassociation-aujourdhui"],"_links":{"self":[{"href":"https:\/\/aft-rn.net\/wordpress\/wp-json\/wp\/v2\/posts\/3455","targetHints":{"allow":["GET"]}}],"collection":[{"href":"https:\/\/aft-rn.net\/wordpress\/wp-json\/wp\/v2\/posts"}],"about":[{"href":"https:\/\/aft-rn.net\/wordpress\/wp-json\/wp\/v2\/types\/post"}],"author":[{"embeddable":true,"href":"https:\/\/aft-rn.net\/wordpress\/wp-json\/wp\/v2\/users\/1"}],"replies":[{"embeddable":true,"href":"https:\/\/aft-rn.net\/wordpress\/wp-json\/wp\/v2\/comments?post=3455"}],"version-history":[{"count":5,"href":"https:\/\/aft-rn.net\/wordpress\/wp-json\/wp\/v2\/posts\/3455\/revisions"}],"predecessor-version":[{"id":3460,"href":"https:\/\/aft-rn.net\/wordpress\/wp-json\/wp\/v2\/posts\/3455\/revisions\/3460"}],"wp:featuredmedia":[{"embeddable":true,"href":"https:\/\/aft-rn.net\/wordpress\/wp-json\/wp\/v2\/media\/956"}],"wp:attachment":[{"href":"https:\/\/aft-rn.net\/wordpress\/wp-json\/wp\/v2\/media?parent=3455"}],"wp:term":[{"taxonomy":"category","embeddable":true,"href":"https:\/\/aft-rn.net\/wordpress\/wp-json\/wp\/v2\/categories?post=3455"},{"taxonomy":"post_tag","embeddable":true,"href":"https:\/\/aft-rn.net\/wordpress\/wp-json\/wp\/v2\/tags?post=3455"}],"curies":[{"name":"wp","href":"https:\/\/api.w.org\/{rel}","templated":true}]}}