{"id":727,"date":"2022-02-24T09:31:13","date_gmt":"2022-02-24T08:31:13","guid":{"rendered":"https:\/\/aft-rn.net\/wordpress\/?p=727"},"modified":"2022-02-24T09:31:13","modified_gmt":"2022-02-24T08:31:13","slug":"mths-co","status":"publish","type":"post","link":"https:\/\/aft-rn.net\/wordpress\/2022\/02\/24\/mths-co\/","title":{"rendered":"M@ths&rsquo; Co"},"content":{"rendered":"\n<div class=\"wp-block-media-text alignwide is-stacked-on-mobile\"><figure class=\"wp-block-media-text__media\"><a href=\"https:\/\/www.mathsenvie.fr\/?p=5498\" target=\"_blank\" rel=\"noopener\"><img loading=\"lazy\" decoding=\"async\" width=\"310\" height=\"268\" src=\"https:\/\/aft-rn.net\/wordpress\/wp-content\/uploads\/2022\/02\/Capture-de\u0301cran-2022-02-24-a\u0300-09.27.34.png\" alt=\"\" class=\"wp-image-728 size-full\" srcset=\"https:\/\/aft-rn.net\/wordpress\/wp-content\/uploads\/2022\/02\/Capture-de\u0301cran-2022-02-24-a\u0300-09.27.34.png 310w, https:\/\/aft-rn.net\/wordpress\/wp-content\/uploads\/2022\/02\/Capture-de\u0301cran-2022-02-24-a\u0300-09.27.34-300x259.png 300w\" sizes=\"auto, (max-width: 310px) 100vw, 310px\" \/><\/a><\/figure><div class=\"wp-block-media-text__content\">\n<p>L\u2019association M@ths\u2019n Co s\u2019adresse aux enseignants, aux formateurs, aux \u00e9l\u00e8ves et aux parents d\u2019\u00e9l\u00e8ves. Elle a pour buts :<br>\u2013 de r\u00e9unir tous ceux qui souhaitent soutenir, faire vivre et d\u00e9velopper la d\u00e9marche propos\u00e9e dans le dispositif M@ths en-vie ;<br>\u2013 de promouvoir l\u2019enseignement des math\u00e9matiques sous toutes ses formes ;<br>\u2013 d\u2019encourager, de d\u00e9velopper et de diffuser des ressources originales et innovantes ;<br>\u2013 d\u2019organiser des collectifs apprenants et favoriser le travail collaboratif.<\/p>\n<\/div><\/div>\n","protected":false},"excerpt":{"rendered":"<p>L\u2019association M@ths\u2019n Co s\u2019adresse aux enseignants, aux formateurs, aux \u00e9l\u00e8ves et aux parents d\u2019\u00e9l\u00e8ves. Elle a pour buts :\u2013 de r\u00e9unir tous ceux qui souhaitent soutenir, faire vivre et d\u00e9velopper la d\u00e9marche propos\u00e9e dans le dispositif M@ths en-vie ;\u2013 de <a href=\"https:\/\/aft-rn.net\/wordpress\/2022\/02\/24\/mths-co\/\" class=\"read-more\">Read More &#8230;<\/a><\/p>\n","protected":false},"author":1,"featured_media":0,"comment_status":"closed","ping_status":"open","sticky":false,"template":"","format":"standard","meta":{"footnotes":""},"categories":[18],"tags":[],"class_list":["post-727","post","type-post","status-publish","format-standard","hentry","category-nos-partenariats"],"_links":{"self":[{"href":"https:\/\/aft-rn.net\/wordpress\/wp-json\/wp\/v2\/posts\/727","targetHints":{"allow":["GET"]}}],"collection":[{"href":"https:\/\/aft-rn.net\/wordpress\/wp-json\/wp\/v2\/posts"}],"about":[{"href":"https:\/\/aft-rn.net\/wordpress\/wp-json\/wp\/v2\/types\/post"}],"author":[{"embeddable":true,"href":"https:\/\/aft-rn.net\/wordpress\/wp-json\/wp\/v2\/users\/1"}],"replies":[{"embeddable":true,"href":"https:\/\/aft-rn.net\/wordpress\/wp-json\/wp\/v2\/comments?post=727"}],"version-history":[{"count":0,"href":"https:\/\/aft-rn.net\/wordpress\/wp-json\/wp\/v2\/posts\/727\/revisions"}],"wp:attachment":[{"href":"https:\/\/aft-rn.net\/wordpress\/wp-json\/wp\/v2\/media?parent=727"}],"wp:term":[{"taxonomy":"category","embeddable":true,"href":"https:\/\/aft-rn.net\/wordpress\/wp-json\/wp\/v2\/categories?post=727"},{"taxonomy":"post_tag","embeddable":true,"href":"https:\/\/aft-rn.net\/wordpress\/wp-json\/wp\/v2\/tags?post=727"}],"curies":[{"name":"wp","href":"https:\/\/api.w.org\/{rel}","templated":true}]}}