{"id":842,"date":"2022-02-20T14:26:30","date_gmt":"2022-02-20T13:26:30","guid":{"rendered":"https:\/\/aft-rn.net\/wordpress\/?p=842"},"modified":"2022-03-01T17:31:36","modified_gmt":"2022-03-01T16:31:36","slug":"resultats-de-lenquete-nationale-de-2014","status":"publish","type":"post","link":"https:\/\/aft-rn.net\/wordpress\/2022\/02\/20\/resultats-de-lenquete-nationale-de-2014\/","title":{"rendered":"R\u00e9sultats de l&rsquo;enqu\u00eate nationale de 2014"},"content":{"rendered":"\n<p>Vous pourrez constater l\u2019absolue n\u00e9cessit\u00e9 d\u2019obtenir un cadrage national de notre fonction accompagn\u00e9 d\u2019une juste reconnaissance pour un m\u00e9tier en devenir particuli\u00e8rement sp\u00e9cifique.<br>Une enqu\u00eate individuelle est en pr\u00e9paration pour compl\u00e9ter le tableau.<br>Nous allons donc pouvoir communiquer bient\u00f4t envers le minist\u00e8re et revendiquer la reconnaissance \u00e0 laquelle nous pouvons l\u00e9gitimement pr\u00e9tendre. <\/p>\n\n\n\n<p>Un grand merci \u00e0 Didier Damet pour la configuration du limesurvey, \u00e0 Patrick Laguionie pour la synth\u00e8se et \u00e0 tous ceux qui ont particip\u00e9 d\u2019une mani\u00e8re ou d\u2019une autre.<br>Sans me bercer d\u2019illusion, je pense que nous nous serons d\u2019ores et d\u00e9j\u00e0 bien battus !<\/p>\n\n\n\n<p>Pierre Marie<\/p>\n\n\n<a href=\"https:\/\/aft-rn.net\/wordpress\/wp-content\/uploads\/2022\/02\/enquc3aate-nationale-xtice-dc3a9partementale-2014-v1-1-conclusions.pdf\" class=\"pdfemb-viewer\" style=\"\" data-width=\"max\" data-height=\"max\" data-toolbar=\"bottom\" data-toolbar-fixed=\"off\">enquc3aate-nationale-xtice-dc3a9partementale-2014-v1-1-conclusions<\/a>\n<p class=\"wp-block-pdfemb-pdf-embedder-viewer\"><\/p>\n","protected":false},"excerpt":{"rendered":"<p>Vous pourrez constater l\u2019absolue n\u00e9cessit\u00e9 d\u2019obtenir un cadrage national de notre fonction accompagn\u00e9 d\u2019une juste reconnaissance pour un m\u00e9tier en devenir particuli\u00e8rement sp\u00e9cifique.Une enqu\u00eate individuelle est en pr\u00e9paration pour compl\u00e9ter le tableau.Nous allons donc pouvoir communiquer bient\u00f4t envers le minist\u00e8re <a href=\"https:\/\/aft-rn.net\/wordpress\/2022\/02\/20\/resultats-de-lenquete-nationale-de-2014\/\" class=\"read-more\">Read More &#8230;<\/a><\/p>\n","protected":false},"author":1,"featured_media":0,"comment_status":"closed","ping_status":"open","sticky":false,"template":"","format":"standard","meta":{"footnotes":""},"categories":[26],"tags":[],"class_list":["post-842","post","type-post","status-publish","format-standard","hentry","category-2013-2014"],"_links":{"self":[{"href":"https:\/\/aft-rn.net\/wordpress\/wp-json\/wp\/v2\/posts\/842","targetHints":{"allow":["GET"]}}],"collection":[{"href":"https:\/\/aft-rn.net\/wordpress\/wp-json\/wp\/v2\/posts"}],"about":[{"href":"https:\/\/aft-rn.net\/wordpress\/wp-json\/wp\/v2\/types\/post"}],"author":[{"embeddable":true,"href":"https:\/\/aft-rn.net\/wordpress\/wp-json\/wp\/v2\/users\/1"}],"replies":[{"embeddable":true,"href":"https:\/\/aft-rn.net\/wordpress\/wp-json\/wp\/v2\/comments?post=842"}],"version-history":[{"count":0,"href":"https:\/\/aft-rn.net\/wordpress\/wp-json\/wp\/v2\/posts\/842\/revisions"}],"wp:attachment":[{"href":"https:\/\/aft-rn.net\/wordpress\/wp-json\/wp\/v2\/media?parent=842"}],"wp:term":[{"taxonomy":"category","embeddable":true,"href":"https:\/\/aft-rn.net\/wordpress\/wp-json\/wp\/v2\/categories?post=842"},{"taxonomy":"post_tag","embeddable":true,"href":"https:\/\/aft-rn.net\/wordpress\/wp-json\/wp\/v2\/tags?post=842"}],"curies":[{"name":"wp","href":"https:\/\/api.w.org\/{rel}","templated":true}]}}